{"id":3522,"date":"2025-05-12T14:01:36","date_gmt":"2025-05-12T12:01:36","guid":{"rendered":"https:\/\/www.tzdo.de\/?p=3522"},"modified":"2026-04-22T15:24:14","modified_gmt":"2026-04-22T13:24:14","slug":"tzdo-setzt-am-europatag-zeichen-fuer-europaeische-werte-gebaeude-auf-dem-campus-blau-erleuchtet","status":"publish","type":"post","link":"https:\/\/www.tzdo.de\/en\/tzdo-setzt-am-europatag-zeichen-fuer-europaeische-werte-gebaeude-auf-dem-campus-blau-erleuchtet\/","title":{"rendered":"TZDO sets an example for European values on Europe Day: buildings on the campus illuminated in blue"},"content":{"rendered":"<p>The TechnologieZentrumDortmund (TZDO) took part in a light campaign for Europe Day on 9 May 2025: to mark the occasion, the TZDO building at Emil-Figge-Stra\u00dfe 80 on the science and technology campus was illuminated in blue light. Photos: TZDO Roland Kentrup<\/p>\n<p><img loading=\"lazy\" decoding=\"async\" class=\"size-medium wp-image-5044 alignright\" src=\"https:\/\/www.tzdo.de\/wp-content\/uploads\/Foto-TZDO-Europatag-9.5.2025-2N7A2479-Kopie-2480x1700-1-300x206.jpg\" alt=\"\" width=\"300\" height=\"206\" srcset=\"https:\/\/www.tzdo.de\/wp-content\/uploads\/Foto-TZDO-Europatag-9.5.2025-2N7A2479-Kopie-2480x1700-1-300x206.jpg 300w, https:\/\/www.tzdo.de\/wp-content\/uploads\/Foto-TZDO-Europatag-9.5.2025-2N7A2479-Kopie-2480x1700-1-1200x823.jpg 1200w, https:\/\/www.tzdo.de\/wp-content\/uploads\/Foto-TZDO-Europatag-9.5.2025-2N7A2479-Kopie-2480x1700-1-18x12.jpg 18w\" sizes=\"auto, (max-width: 300px) 100vw, 300px\" \/><\/p>\n<p>\"As the TechnologyCentreDortmund, we want to send a visible signal for European values and European cohesion on Europe Day and the 75th anniversary of the European Union,\" explains TZDO Managing Director Dirk St\u00fcrmer.<\/p>\n<p>As Europe Day, 9 May commemorates the founding and values of the European Union. On this day 75 years ago, the Schuman Declaration laid the foundations for European unification after the Second World War.<\/p>\n<p>The City of Dortmund's International Relations team therefore called on people to light up buildings and structures in Dortmund in blue to send out a signal in favour of Europe.<\/p>\n<p>In addition to the TZDO, the Technical University of Dortmund, the Dortmund Concert Hall, the German Football Museum, the pylon at the Reinoldikirche light rail station and the Old Harbour Office were also lit up in blue. The European flag could also be seen in the flying pictures of the Dortmunder U.<\/p>","protected":false},"excerpt":{"rendered":"<p>TechnologieZentrumDortmund (TZDO) took part in a light campaign for Europe Day on 9 May 2025: to mark the occasion, the TZDO building at Emil-Figge-Stra\u00dfe 80 on the science and technology campus was illuminated in blue light. Photos: TZDO Roland Kentrup \"As the TechnologyCentreDortmund, we want to send out a visible signal of European values and values for Europe on Europe Day and the 75th anniversary of the European...<\/p>","protected":false},"author":8,"featured_media":5041,"comment_status":"closed","ping_status":"closed","sticky":false,"template":"","format":"standard","meta":{"_acf_changed":false,"footnotes":""},"categories":[1],"tags":[],"class_list":["post-3522","post","type-post","status-publish","format-standard","has-post-thumbnail","hentry","category-news"],"acf":[],"yoast_head":"<!-- This site is optimized with the Yoast SEO plugin v27.5 - https:\/\/yoast.com\/product\/yoast-seo-wordpress\/ -->\n<title>TZDO setzt am Europatag Zeichen f\u00fcr europ\u00e4ische Werte: Geb\u00e4ude auf dem Campus blau erleuchtet - TechnologieZentrumDortmund<\/title>\n<meta name=\"description\" content=\"TZDO beteiligte sich an einer Lichtaktion zum Europatag am 9. Mai 2025: Aus diesem Anlass erleuchtete das TZDO-Geb\u00e4ude, Emil-Figge-Stra\u00dfe 80, auf dem Wissenschafts- und Technologiecampus in blauem Licht.\" \/>\n<meta name=\"robots\" content=\"index, follow, max-snippet:-1, max-image-preview:large, max-video-preview:-1\" \/>\n<link rel=\"canonical\" href=\"https:\/\/www.tzdo.de\/en\/tzdo-setzt-am-europatag-zeichen-fuer-europaeische-werte-gebaeude-auf-dem-campus-blau-erleuchtet\/\" \/>\n<meta property=\"og:locale\" content=\"en_GB\" \/>\n<meta property=\"og:type\" content=\"article\" \/>\n<meta property=\"og:title\" content=\"TZDO setzt am Europatag Zeichen f\u00fcr europ\u00e4ische Werte: Geb\u00e4ude auf dem Campus blau erleuchtet - TechnologieZentrumDortmund\" \/>\n<meta property=\"og:description\" content=\"TZDO beteiligte sich an einer Lichtaktion zum Europatag am 9. Mai 2025: Aus diesem Anlass erleuchtete das TZDO-Geb\u00e4ude, Emil-Figge-Stra\u00dfe 80, auf dem Wissenschafts- und Technologiecampus in blauem Licht.\" \/>\n<meta property=\"og:url\" content=\"https:\/\/www.tzdo.de\/en\/tzdo-setzt-am-europatag-zeichen-fuer-europaeische-werte-gebaeude-auf-dem-campus-blau-erleuchtet\/\" \/>\n<meta property=\"og:site_name\" content=\"TechnologieZentrumDortmund\" \/>\n<meta property=\"article:publisher\" content=\"https:\/\/www.facebook.com\/TZDortmund\/\" \/>\n<meta property=\"article:published_time\" content=\"2025-05-12T12:01:36+00:00\" \/>\n<meta property=\"article:modified_time\" content=\"2026-04-22T13:24:14+00:00\" \/>\n<meta property=\"og:image\" content=\"https:\/\/www.tzdo.de\/wp-content\/uploads\/Foto-TZDO-Europatag-9.5.2025-2N7A2550-2480x1700-neu-scaled.jpg\" \/>\n\t<meta property=\"og:image:width\" content=\"2400\" \/>\n\t<meta property=\"og:image:height\" content=\"1646\" \/>\n\t<meta property=\"og:image:type\" content=\"image\/jpeg\" \/>\n<meta name=\"author\" content=\"elephants\" \/>\n<meta name=\"twitter:card\" content=\"summary_large_image\" \/>\n<meta name=\"twitter:label1\" content=\"Written by\" \/>\n\t<meta name=\"twitter:data1\" content=\"elephants\" \/>\n\t<meta name=\"twitter:label2\" content=\"Estimated reading time\" \/>\n\t<meta name=\"twitter:data2\" content=\"2 minutes\" \/>\n<script type=\"application\/ld+json\" class=\"yoast-schema-graph\">{\"@context\":\"https:\\\/\\\/schema.org\",\"@graph\":[{\"@type\":\"Article\",\"@id\":\"https:\\\/\\\/www.tzdo.de\\\/tzdo-setzt-am-europatag-zeichen-fuer-europaeische-werte-gebaeude-auf-dem-campus-blau-erleuchtet\\\/#article\",\"isPartOf\":{\"@id\":\"https:\\\/\\\/www.tzdo.de\\\/tzdo-setzt-am-europatag-zeichen-fuer-europaeische-werte-gebaeude-auf-dem-campus-blau-erleuchtet\\\/\"},\"author\":{\"name\":\"elephants\",\"@id\":\"https:\\\/\\\/www.tzdo.de\\\/#\\\/schema\\\/person\\\/a3e8884ab71c778961164f3bd54e792f\"},\"headline\":\"TZDO setzt am Europatag Zeichen f\u00fcr europ\u00e4ische Werte: Geb\u00e4ude auf dem Campus blau erleuchtet\",\"datePublished\":\"2025-05-12T12:01:36+00:00\",\"dateModified\":\"2026-04-22T13:24:14+00:00\",\"mainEntityOfPage\":{\"@id\":\"https:\\\/\\\/www.tzdo.de\\\/tzdo-setzt-am-europatag-zeichen-fuer-europaeische-werte-gebaeude-auf-dem-campus-blau-erleuchtet\\\/\"},\"wordCount\":198,\"publisher\":{\"@id\":\"https:\\\/\\\/www.tzdo.de\\\/#organization\"},\"image\":{\"@id\":\"https:\\\/\\\/www.tzdo.de\\\/tzdo-setzt-am-europatag-zeichen-fuer-europaeische-werte-gebaeude-auf-dem-campus-blau-erleuchtet\\\/#primaryimage\"},\"thumbnailUrl\":\"https:\\\/\\\/www.tzdo.de\\\/wp-content\\\/uploads\\\/Foto-TZDO-Europatag-9.5.2025-2N7A2550-2480x1700-neu-scaled.jpg\",\"articleSection\":[\"\u200e News\"],\"inLanguage\":\"en-GB\"},{\"@type\":\"WebPage\",\"@id\":\"https:\\\/\\\/www.tzdo.de\\\/tzdo-setzt-am-europatag-zeichen-fuer-europaeische-werte-gebaeude-auf-dem-campus-blau-erleuchtet\\\/\",\"url\":\"https:\\\/\\\/www.tzdo.de\\\/tzdo-setzt-am-europatag-zeichen-fuer-europaeische-werte-gebaeude-auf-dem-campus-blau-erleuchtet\\\/\",\"name\":\"TZDO setzt am Europatag Zeichen f\u00fcr europ\u00e4ische Werte: Geb\u00e4ude auf dem Campus blau erleuchtet - TechnologieZentrumDortmund\",\"isPartOf\":{\"@id\":\"https:\\\/\\\/www.tzdo.de\\\/#website\"},\"primaryImageOfPage\":{\"@id\":\"https:\\\/\\\/www.tzdo.de\\\/tzdo-setzt-am-europatag-zeichen-fuer-europaeische-werte-gebaeude-auf-dem-campus-blau-erleuchtet\\\/#primaryimage\"},\"image\":{\"@id\":\"https:\\\/\\\/www.tzdo.de\\\/tzdo-setzt-am-europatag-zeichen-fuer-europaeische-werte-gebaeude-auf-dem-campus-blau-erleuchtet\\\/#primaryimage\"},\"thumbnailUrl\":\"https:\\\/\\\/www.tzdo.de\\\/wp-content\\\/uploads\\\/Foto-TZDO-Europatag-9.5.2025-2N7A2550-2480x1700-neu-scaled.jpg\",\"datePublished\":\"2025-05-12T12:01:36+00:00\",\"dateModified\":\"2026-04-22T13:24:14+00:00\",\"description\":\"TZDO beteiligte sich an einer Lichtaktion zum Europatag am 9. Mai 2025: Aus diesem Anlass erleuchtete das TZDO-Geb\u00e4ude, Emil-Figge-Stra\u00dfe 80, auf dem Wissenschafts- und Technologiecampus in blauem Licht.\",\"breadcrumb\":{\"@id\":\"https:\\\/\\\/www.tzdo.de\\\/tzdo-setzt-am-europatag-zeichen-fuer-europaeische-werte-gebaeude-auf-dem-campus-blau-erleuchtet\\\/#breadcrumb\"},\"inLanguage\":\"en-GB\",\"potentialAction\":[{\"@type\":\"ReadAction\",\"target\":[\"https:\\\/\\\/www.tzdo.de\\\/tzdo-setzt-am-europatag-zeichen-fuer-europaeische-werte-gebaeude-auf-dem-campus-blau-erleuchtet\\\/\"]}]},{\"@type\":\"ImageObject\",\"inLanguage\":\"en-GB\",\"@id\":\"https:\\\/\\\/www.tzdo.de\\\/tzdo-setzt-am-europatag-zeichen-fuer-europaeische-werte-gebaeude-auf-dem-campus-blau-erleuchtet\\\/#primaryimage\",\"url\":\"https:\\\/\\\/www.tzdo.de\\\/wp-content\\\/uploads\\\/Foto-TZDO-Europatag-9.5.2025-2N7A2550-2480x1700-neu-scaled.jpg\",\"contentUrl\":\"https:\\\/\\\/www.tzdo.de\\\/wp-content\\\/uploads\\\/Foto-TZDO-Europatag-9.5.2025-2N7A2550-2480x1700-neu-scaled.jpg\",\"width\":2400,\"height\":1646},{\"@type\":\"BreadcrumbList\",\"@id\":\"https:\\\/\\\/www.tzdo.de\\\/tzdo-setzt-am-europatag-zeichen-fuer-europaeische-werte-gebaeude-auf-dem-campus-blau-erleuchtet\\\/#breadcrumb\",\"itemListElement\":[{\"@type\":\"ListItem\",\"position\":1,\"name\":\"Startseite\",\"item\":\"https:\\\/\\\/www.tzdo.de\\\/\"},{\"@type\":\"ListItem\",\"position\":2,\"name\":\"TZDO setzt am Europatag Zeichen f\u00fcr europ\u00e4ische Werte: Geb\u00e4ude auf dem Campus blau erleuchtet\"}]},{\"@type\":\"WebSite\",\"@id\":\"https:\\\/\\\/www.tzdo.de\\\/#website\",\"url\":\"https:\\\/\\\/www.tzdo.de\\\/\",\"name\":\"TechnologieZentrumDortmund\",\"description\":\"\",\"publisher\":{\"@id\":\"https:\\\/\\\/www.tzdo.de\\\/#organization\"},\"potentialAction\":[{\"@type\":\"SearchAction\",\"target\":{\"@type\":\"EntryPoint\",\"urlTemplate\":\"https:\\\/\\\/www.tzdo.de\\\/?s={search_term_string}\"},\"query-input\":{\"@type\":\"PropertyValueSpecification\",\"valueRequired\":true,\"valueName\":\"search_term_string\"}}],\"inLanguage\":\"en-GB\"},{\"@type\":\"Organization\",\"@id\":\"https:\\\/\\\/www.tzdo.de\\\/#organization\",\"name\":\"TechnologieZentrumDortmund\",\"url\":\"https:\\\/\\\/www.tzdo.de\\\/\",\"logo\":{\"@type\":\"ImageObject\",\"inLanguage\":\"en-GB\",\"@id\":\"https:\\\/\\\/www.tzdo.de\\\/#\\\/schema\\\/logo\\\/image\\\/\",\"url\":\"https:\\\/\\\/www.tzdo.de\\\/wp-content\\\/uploads\\\/TZDO_Logo_RGB.png\",\"contentUrl\":\"https:\\\/\\\/www.tzdo.de\\\/wp-content\\\/uploads\\\/TZDO_Logo_RGB.png\",\"width\":604,\"height\":454,\"caption\":\"TechnologieZentrumDortmund\"},\"image\":{\"@id\":\"https:\\\/\\\/www.tzdo.de\\\/#\\\/schema\\\/logo\\\/image\\\/\"},\"sameAs\":[\"https:\\\/\\\/www.facebook.com\\\/TZDortmund\\\/\",\"https:\\\/\\\/www.instagram.com\\\/technologiezentrumdortmund\\\/\"]},{\"@type\":\"Person\",\"@id\":\"https:\\\/\\\/www.tzdo.de\\\/#\\\/schema\\\/person\\\/a3e8884ab71c778961164f3bd54e792f\",\"name\":\"elephants\",\"image\":{\"@type\":\"ImageObject\",\"inLanguage\":\"en-GB\",\"@id\":\"https:\\\/\\\/secure.gravatar.com\\\/avatar\\\/515f5e6690ba18d237489c2f0f1528430980da3f50d90d75fc201c2ebf146fe8?s=96&d=mm&r=g\",\"url\":\"https:\\\/\\\/secure.gravatar.com\\\/avatar\\\/515f5e6690ba18d237489c2f0f1528430980da3f50d90d75fc201c2ebf146fe8?s=96&d=mm&r=g\",\"contentUrl\":\"https:\\\/\\\/secure.gravatar.com\\\/avatar\\\/515f5e6690ba18d237489c2f0f1528430980da3f50d90d75fc201c2ebf146fe8?s=96&d=mm&r=g\",\"caption\":\"elephants\"}}]}<\/script>\n<!-- \/ Yoast SEO plugin. -->","yoast_head_json":{"title":"TZDO sets an example for European values on Europe Day: Buildings on the campus illuminated in blue - TechnologieZentrumDortmund","description":"TZDO participated in a lighting action for Europe Day on 9 May 2025: For this occasion, the TZDO building, Emil-Figge-Stra\u00dfe 80, on the Science and Technology Campus was illuminated in blue light.","robots":{"index":"index","follow":"follow","max-snippet":"max-snippet:-1","max-image-preview":"max-image-preview:large","max-video-preview":"max-video-preview:-1"},"canonical":"https:\/\/www.tzdo.de\/en\/tzdo-setzt-am-europatag-zeichen-fuer-europaeische-werte-gebaeude-auf-dem-campus-blau-erleuchtet\/","og_locale":"en_GB","og_type":"article","og_title":"TZDO setzt am Europatag Zeichen f\u00fcr europ\u00e4ische Werte: Geb\u00e4ude auf dem Campus blau erleuchtet - TechnologieZentrumDortmund","og_description":"TZDO beteiligte sich an einer Lichtaktion zum Europatag am 9. Mai 2025: Aus diesem Anlass erleuchtete das TZDO-Geb\u00e4ude, Emil-Figge-Stra\u00dfe 80, auf dem Wissenschafts- und Technologiecampus in blauem Licht.","og_url":"https:\/\/www.tzdo.de\/en\/tzdo-setzt-am-europatag-zeichen-fuer-europaeische-werte-gebaeude-auf-dem-campus-blau-erleuchtet\/","og_site_name":"TechnologieZentrumDortmund","article_publisher":"https:\/\/www.facebook.com\/TZDortmund\/","article_published_time":"2025-05-12T12:01:36+00:00","article_modified_time":"2026-04-22T13:24:14+00:00","og_image":[{"width":2400,"height":1646,"url":"https:\/\/www.tzdo.de\/wp-content\/uploads\/Foto-TZDO-Europatag-9.5.2025-2N7A2550-2480x1700-neu-scaled.jpg","type":"image\/jpeg"}],"author":"elephants","twitter_card":"summary_large_image","twitter_misc":{"Written by":"elephants","Estimated reading time":"2 minutes"},"schema":{"@context":"https:\/\/schema.org","@graph":[{"@type":"Article","@id":"https:\/\/www.tzdo.de\/tzdo-setzt-am-europatag-zeichen-fuer-europaeische-werte-gebaeude-auf-dem-campus-blau-erleuchtet\/#article","isPartOf":{"@id":"https:\/\/www.tzdo.de\/tzdo-setzt-am-europatag-zeichen-fuer-europaeische-werte-gebaeude-auf-dem-campus-blau-erleuchtet\/"},"author":{"name":"elephants","@id":"https:\/\/www.tzdo.de\/#\/schema\/person\/a3e8884ab71c778961164f3bd54e792f"},"headline":"TZDO setzt am Europatag Zeichen f\u00fcr europ\u00e4ische Werte: Geb\u00e4ude auf dem Campus blau erleuchtet","datePublished":"2025-05-12T12:01:36+00:00","dateModified":"2026-04-22T13:24:14+00:00","mainEntityOfPage":{"@id":"https:\/\/www.tzdo.de\/tzdo-setzt-am-europatag-zeichen-fuer-europaeische-werte-gebaeude-auf-dem-campus-blau-erleuchtet\/"},"wordCount":198,"publisher":{"@id":"https:\/\/www.tzdo.de\/#organization"},"image":{"@id":"https:\/\/www.tzdo.de\/tzdo-setzt-am-europatag-zeichen-fuer-europaeische-werte-gebaeude-auf-dem-campus-blau-erleuchtet\/#primaryimage"},"thumbnailUrl":"https:\/\/www.tzdo.de\/wp-content\/uploads\/Foto-TZDO-Europatag-9.5.2025-2N7A2550-2480x1700-neu-scaled.jpg","articleSection":["\u200e News"],"inLanguage":"en-GB"},{"@type":"WebPage","@id":"https:\/\/www.tzdo.de\/tzdo-setzt-am-europatag-zeichen-fuer-europaeische-werte-gebaeude-auf-dem-campus-blau-erleuchtet\/","url":"https:\/\/www.tzdo.de\/tzdo-setzt-am-europatag-zeichen-fuer-europaeische-werte-gebaeude-auf-dem-campus-blau-erleuchtet\/","name":"TZDO sets an example for European values on Europe Day: Buildings on the campus illuminated in blue - TechnologieZentrumDortmund","isPartOf":{"@id":"https:\/\/www.tzdo.de\/#website"},"primaryImageOfPage":{"@id":"https:\/\/www.tzdo.de\/tzdo-setzt-am-europatag-zeichen-fuer-europaeische-werte-gebaeude-auf-dem-campus-blau-erleuchtet\/#primaryimage"},"image":{"@id":"https:\/\/www.tzdo.de\/tzdo-setzt-am-europatag-zeichen-fuer-europaeische-werte-gebaeude-auf-dem-campus-blau-erleuchtet\/#primaryimage"},"thumbnailUrl":"https:\/\/www.tzdo.de\/wp-content\/uploads\/Foto-TZDO-Europatag-9.5.2025-2N7A2550-2480x1700-neu-scaled.jpg","datePublished":"2025-05-12T12:01:36+00:00","dateModified":"2026-04-22T13:24:14+00:00","description":"TZDO participated in a lighting action for Europe Day on 9 May 2025: For this occasion, the TZDO building, Emil-Figge-Stra\u00dfe 80, on the Science and Technology Campus was illuminated in blue light.","breadcrumb":{"@id":"https:\/\/www.tzdo.de\/tzdo-setzt-am-europatag-zeichen-fuer-europaeische-werte-gebaeude-auf-dem-campus-blau-erleuchtet\/#breadcrumb"},"inLanguage":"en-GB","potentialAction":[{"@type":"ReadAction","target":["https:\/\/www.tzdo.de\/tzdo-setzt-am-europatag-zeichen-fuer-europaeische-werte-gebaeude-auf-dem-campus-blau-erleuchtet\/"]}]},{"@type":"ImageObject","inLanguage":"en-GB","@id":"https:\/\/www.tzdo.de\/tzdo-setzt-am-europatag-zeichen-fuer-europaeische-werte-gebaeude-auf-dem-campus-blau-erleuchtet\/#primaryimage","url":"https:\/\/www.tzdo.de\/wp-content\/uploads\/Foto-TZDO-Europatag-9.5.2025-2N7A2550-2480x1700-neu-scaled.jpg","contentUrl":"https:\/\/www.tzdo.de\/wp-content\/uploads\/Foto-TZDO-Europatag-9.5.2025-2N7A2550-2480x1700-neu-scaled.jpg","width":2400,"height":1646},{"@type":"BreadcrumbList","@id":"https:\/\/www.tzdo.de\/tzdo-setzt-am-europatag-zeichen-fuer-europaeische-werte-gebaeude-auf-dem-campus-blau-erleuchtet\/#breadcrumb","itemListElement":[{"@type":"ListItem","position":1,"name":"Startseite","item":"https:\/\/www.tzdo.de\/"},{"@type":"ListItem","position":2,"name":"TZDO setzt am Europatag Zeichen f\u00fcr europ\u00e4ische Werte: Geb\u00e4ude auf dem Campus blau erleuchtet"}]},{"@type":"WebSite","@id":"https:\/\/www.tzdo.de\/#website","url":"https:\/\/www.tzdo.de\/","name":"TechnologieZentrumDortmund","description":"","publisher":{"@id":"https:\/\/www.tzdo.de\/#organization"},"potentialAction":[{"@type":"SearchAction","target":{"@type":"EntryPoint","urlTemplate":"https:\/\/www.tzdo.de\/?s={search_term_string}"},"query-input":{"@type":"PropertyValueSpecification","valueRequired":true,"valueName":"search_term_string"}}],"inLanguage":"en-GB"},{"@type":"Organization","@id":"https:\/\/www.tzdo.de\/#organization","name":"TechnologieZentrumDortmund","url":"https:\/\/www.tzdo.de\/","logo":{"@type":"ImageObject","inLanguage":"en-GB","@id":"https:\/\/www.tzdo.de\/#\/schema\/logo\/image\/","url":"https:\/\/www.tzdo.de\/wp-content\/uploads\/TZDO_Logo_RGB.png","contentUrl":"https:\/\/www.tzdo.de\/wp-content\/uploads\/TZDO_Logo_RGB.png","width":604,"height":454,"caption":"TechnologieZentrumDortmund"},"image":{"@id":"https:\/\/www.tzdo.de\/#\/schema\/logo\/image\/"},"sameAs":["https:\/\/www.facebook.com\/TZDortmund\/","https:\/\/www.instagram.com\/technologiezentrumdortmund\/"]},{"@type":"Person","@id":"https:\/\/www.tzdo.de\/#\/schema\/person\/a3e8884ab71c778961164f3bd54e792f","name":"elephants","image":{"@type":"ImageObject","inLanguage":"en-GB","@id":"https:\/\/secure.gravatar.com\/avatar\/515f5e6690ba18d237489c2f0f1528430980da3f50d90d75fc201c2ebf146fe8?s=96&d=mm&r=g","url":"https:\/\/secure.gravatar.com\/avatar\/515f5e6690ba18d237489c2f0f1528430980da3f50d90d75fc201c2ebf146fe8?s=96&d=mm&r=g","contentUrl":"https:\/\/secure.gravatar.com\/avatar\/515f5e6690ba18d237489c2f0f1528430980da3f50d90d75fc201c2ebf146fe8?s=96&d=mm&r=g","caption":"elephants"}}]}},"_links":{"self":[{"href":"https:\/\/www.tzdo.de\/en\/wp-json\/wp\/v2\/posts\/3522","targetHints":{"allow":["GET"]}}],"collection":[{"href":"https:\/\/www.tzdo.de\/en\/wp-json\/wp\/v2\/posts"}],"about":[{"href":"https:\/\/www.tzdo.de\/en\/wp-json\/wp\/v2\/types\/post"}],"author":[{"embeddable":true,"href":"https:\/\/www.tzdo.de\/en\/wp-json\/wp\/v2\/users\/8"}],"replies":[{"embeddable":true,"href":"https:\/\/www.tzdo.de\/en\/wp-json\/wp\/v2\/comments?post=3522"}],"version-history":[{"count":3,"href":"https:\/\/www.tzdo.de\/en\/wp-json\/wp\/v2\/posts\/3522\/revisions"}],"predecessor-version":[{"id":5045,"href":"https:\/\/www.tzdo.de\/en\/wp-json\/wp\/v2\/posts\/3522\/revisions\/5045"}],"wp:featuredmedia":[{"embeddable":true,"href":"https:\/\/www.tzdo.de\/en\/wp-json\/wp\/v2\/media\/5041"}],"wp:attachment":[{"href":"https:\/\/www.tzdo.de\/en\/wp-json\/wp\/v2\/media?parent=3522"}],"wp:term":[{"taxonomy":"category","embeddable":true,"href":"https:\/\/www.tzdo.de\/en\/wp-json\/wp\/v2\/categories?post=3522"},{"taxonomy":"post_tag","embeddable":true,"href":"https:\/\/www.tzdo.de\/en\/wp-json\/wp\/v2\/tags?post=3522"}],"curies":[{"name":"wp","href":"https:\/\/api.w.org\/{rel}","templated":true}]}}